{"id":6188,"date":"2025-10-07T13:23:24","date_gmt":"2025-10-07T11:23:24","guid":{"rendered":"https:\/\/thermion.se\/?p=6188"},"modified":"2025-10-07T13:25:13","modified_gmt":"2025-10-07T11:25:13","slug":"ragnar-thulin-blir-ny-vd-for-thermion","status":"publish","type":"post","link":"https:\/\/thermion.se\/fi\/ragnar-thulin-blir-ny-vd-for-thermion\/","title":{"rendered":"Ragnar Thulinista tulee Thermionin uusi toimitusjohtaja"},"content":{"rendered":"<p>Thermion on nimitt\u00e4nyt Ragnar Thulinin uudeksi toimitusjohtajaksi tammikuusta 2026 alkaen.<\/p>\n\n\n\n<p>Ragnarilla on laaja kokemus johtavista teknologia-, asennus- ja palveluyrityksist\u00e4. H\u00e4n siirtyy joukkoomme Instalcosta, jossa h\u00e4n toimi liiketoiminta-alueen johtajana, ja on aiemmin toiminut johtavissa teht\u00e4viss\u00e4 Prosero Security Groupissa, AVARN Securityss\u00e4 ja Deloitten palveluksessa.<\/p>\n\n\n\n<p>-&nbsp;<em>Odotan innolla, ett\u00e4 p\u00e4\u00e4sen johtamaan Thermionia eteenp\u00e4in yhdess\u00e4 ty\u00f6ntekij\u00f6idemme kanssa ja jatkamaan energiatehokkaiden ja kest\u00e4vien ratkaisujen kehitt\u00e4mist\u00e4 asiakkaillemme,<\/em>&nbsp;sanoo Ragnar Thulin.<\/p>\n\n\n\n<p>-&nbsp;<em>Ragnarin kokemus ja johtajuus tekev\u00e4t h\u00e4nest\u00e4 oikean henkil\u00f6n viem\u00e4\u00e4n Thermionin seuraavaan vaiheeseen,<\/em>&nbsp;sanoo Thermionin hallituksen puheenjohtaja Peter Revay.<\/p>\n\n\n\n<p><strong>Thermion<\/strong>&nbsp;on johtava palvelu- ja urakointiyritys energia-, teollisuus- ja rakennusaloilla. Toimitamme kokonaisratkaisuja, jotka v\u00e4hent\u00e4v\u00e4t energiankulutusta ja edist\u00e4v\u00e4t kest\u00e4v\u00e4mp\u00e4\u00e4 tulevaisuutta.<\/p>\n\n\n\n<p>Jos sinulla on kysytt\u00e4v\u00e4\u00e4, ota yhteytt\u00e4:<\/p>\n\n\n\n<p><a href=\"mailto:peter.revay@mimirinvest.com\">peter.revay@mimirinvest.com<\/a><\/p>\n\n\n\n<p><\/p>","protected":false},"excerpt":{"rendered":"<p>Thermion har utsett&nbsp;Ragnar Thulin&nbsp;till ny vd med tilltr\u00e4de i januari 2026. Ragnar har omfattande erfarenhet av att leda teknik-, installations- och tj\u00e4nstef\u00f6retag. Han kommer n\u00e4rmast fr\u00e5n&nbsp;Instalco, d\u00e4r han varit aff\u00e4rsomr\u00e5deschef, och har tidigare haft ledande roller p\u00e5&nbsp;Prosero Security Group,&nbsp;AVARN Security&nbsp;och&nbsp;Deloitte. \u2013&nbsp;Jag ser fram emot att leda Thermion vidare tillsammans med v\u00e5ra medarbetare och forts\u00e4tta bidra [&hellip;]<\/p>\n","protected":false},"author":8,"featured_media":0,"comment_status":"closed","ping_status":"closed","sticky":false,"template":"","format":"standard","meta":{"_acf_changed":false,"content-type":"","slim_seo":{"title":"Ragnar Thulinista tulee Thermionin uusi toimitusjohtaja - Thermion","description":"Thermion on nimitt\u00e4nyt Ragnar Thulinin uudeksi toimitusjohtajakseen tammikuusta 2026 alkaen. Ragnarilla on laaja kokemus suunnittelu-, asennus- ja huolto-organisaatioiden johtamisesta."},"footnotes":""},"categories":[1],"tags":[],"class_list":["post-6188","post","type-post","status-publish","format-standard","hentry","category-nyheter"],"acf":[],"_links":{"self":[{"href":"https:\/\/thermion.se\/fi\/wp-json\/wp\/v2\/posts\/6188","targetHints":{"allow":["GET"]}}],"collection":[{"href":"https:\/\/thermion.se\/fi\/wp-json\/wp\/v2\/posts"}],"about":[{"href":"https:\/\/thermion.se\/fi\/wp-json\/wp\/v2\/types\/post"}],"author":[{"embeddable":true,"href":"https:\/\/thermion.se\/fi\/wp-json\/wp\/v2\/users\/8"}],"replies":[{"embeddable":true,"href":"https:\/\/thermion.se\/fi\/wp-json\/wp\/v2\/comments?post=6188"}],"version-history":[{"count":1,"href":"https:\/\/thermion.se\/fi\/wp-json\/wp\/v2\/posts\/6188\/revisions"}],"predecessor-version":[{"id":6190,"href":"https:\/\/thermion.se\/fi\/wp-json\/wp\/v2\/posts\/6188\/revisions\/6190"}],"wp:attachment":[{"href":"https:\/\/thermion.se\/fi\/wp-json\/wp\/v2\/media?parent=6188"}],"wp:term":[{"taxonomy":"category","embeddable":true,"href":"https:\/\/thermion.se\/fi\/wp-json\/wp\/v2\/categories?post=6188"},{"taxonomy":"post_tag","embeddable":true,"href":"https:\/\/thermion.se\/fi\/wp-json\/wp\/v2\/tags?post=6188"}],"curies":[{"name":"wp","href":"https:\/\/api.w.org\/{rel}","templated":true}]}}