{"id":5997,"date":"2025-04-23T11:36:32","date_gmt":"2025-04-23T09:36:32","guid":{"rendered":"https:\/\/thermion.se\/?p=5997"},"modified":"2025-04-23T11:43:57","modified_gmt":"2025-04-23T09:43:57","slug":"joachim-hallin-ny-projektledare-hos-oss","status":"publish","type":"post","link":"https:\/\/thermion.se\/fi\/joachim-hallin-ny-projektledare-hos-oss\/","title":{"rendered":"Joachim Hallin uusi projektip\u00e4\u00e4llikk\u00f6 kanssamme"},"content":{"rendered":"<p>Meill\u00e4 on ilo toivottaa tervetulleeksi&nbsp;<strong>Joachim Hallin<\/strong>&nbsp;Thermionille uutena&nbsp;<strong>projektip\u00e4\u00e4llikk\u00f6<\/strong>!<\/p>\n\n\n\n<p>Joachim ty\u00f6skentelee meid\u00e4n&nbsp;<em>Pohjoismainen projektiryhm\u00e4<\/em>ja vastaa suurista hankkeista Etel\u00e4-Ruotsissa ja Tanskassa.<\/p>\n\n\n\n<p>Joachimilla on laaja kokemus alalta - viimeksi h\u00e4n toimi L\u00f6dde Pl\u00e5tin osastop\u00e4\u00e4llikk\u00f6n\u00e4 ja sit\u00e4 ennen vastaavassa johtoteht\u00e4v\u00e4ss\u00e4 Bilfingerin Karlshamnissa. Kokemuksensa ja sitoutumisensa ansiosta h\u00e4n on arvokas lis\u00e4 jatkuvaan kehitykseemme.<\/p>\n\n\n\n<p>L\u00e4mpim\u00e4sti tervetuloa, Joachim!<\/p>","protected":false},"excerpt":{"rendered":"<p>Vi \u00e4r glada att v\u00e4lkomna&nbsp;Joachim Hallin&nbsp;till Thermion som ny&nbsp;projektledare! Joachim kommer att arbeta inom v\u00e5rt&nbsp;Nordic Project Team, med ansvar f\u00f6r st\u00f6rre projekt i s\u00f6dra Sverige och Danmark. Joachim har en bred erfarenhet fr\u00e5n branschen \u2013 senast som avdelningschef p\u00e5 L\u00f6dde Pl\u00e5t, och dessf\u00f6rinnan i en liknande chefsroll p\u00e5 Bilfinger i Karlshamn. Med sin erfarenhet och [&hellip;]<\/p>\n","protected":false},"author":1,"featured_media":5999,"comment_status":"closed","ping_status":"closed","sticky":false,"template":"","format":"standard","meta":{"_acf_changed":false,"content-type":"","slim_seo":{"title":"Joachim Hallin uusi projektip\u00e4\u00e4llikk\u00f6 - Thermion","description":"Olemme iloisia voidessamme toivottaa Joachim Hallinin tervetulleeksi Thermionille uudeksi projektip\u00e4\u00e4llik\u00f6ksi ! Joachim ty\u00f6skentelee pohjoismaisessa projektitiimiss\u00e4mme, jonka teht\u00e4v\u00e4n\u00e4 on"},"footnotes":""},"categories":[1],"tags":[],"class_list":["post-5997","post","type-post","status-publish","format-standard","has-post-thumbnail","hentry","category-nyheter"],"acf":[],"_links":{"self":[{"href":"https:\/\/thermion.se\/fi\/wp-json\/wp\/v2\/posts\/5997","targetHints":{"allow":["GET"]}}],"collection":[{"href":"https:\/\/thermion.se\/fi\/wp-json\/wp\/v2\/posts"}],"about":[{"href":"https:\/\/thermion.se\/fi\/wp-json\/wp\/v2\/types\/post"}],"author":[{"embeddable":true,"href":"https:\/\/thermion.se\/fi\/wp-json\/wp\/v2\/users\/1"}],"replies":[{"embeddable":true,"href":"https:\/\/thermion.se\/fi\/wp-json\/wp\/v2\/comments?post=5997"}],"version-history":[{"count":0,"href":"https:\/\/thermion.se\/fi\/wp-json\/wp\/v2\/posts\/5997\/revisions"}],"wp:featuredmedia":[{"embeddable":true,"href":"https:\/\/thermion.se\/fi\/wp-json\/wp\/v2\/media\/5999"}],"wp:attachment":[{"href":"https:\/\/thermion.se\/fi\/wp-json\/wp\/v2\/media?parent=5997"}],"wp:term":[{"taxonomy":"category","embeddable":true,"href":"https:\/\/thermion.se\/fi\/wp-json\/wp\/v2\/categories?post=5997"},{"taxonomy":"post_tag","embeddable":true,"href":"https:\/\/thermion.se\/fi\/wp-json\/wp\/v2\/tags?post=5997"}],"curies":[{"name":"wp","href":"https:\/\/api.w.org\/{rel}","templated":true}]}}