{"id":5908,"date":"2024-11-14T13:14:25","date_gmt":"2024-11-14T12:14:25","guid":{"rendered":"https:\/\/thermion.se\/?p=5908"},"modified":"2024-11-14T13:14:31","modified_gmt":"2024-11-14T12:14:31","slug":"thermion-ab-vinner-stort-kontrakt-gallande-isolering-och-stallning-at-andritz-oy","status":"publish","type":"post","link":"https:\/\/thermion.se\/fi\/thermion-ab-vinner-stort-kontrakt-gallande-isolering-och-stallning-at-andritz-oy\/","title":{"rendered":"Thermion AB voitti suuren eristys- ja telineurakan Andritz Oy:lt\u00e4."},"content":{"rendered":"<p>Thermion AB on saanut Andritz Oy:lt\u00e4 kattavan sopimuksen eristys- ja telineurakoista liittyen Mondi Dyn\u00e4sin suuriin investointeihin Kramforsin ulkopuolella. Toimeksiantoon kuuluu uuden kuorikattilan ja siihen liittyvien kanavaj\u00e4rjestelmien, laitteiden, suodattimien ja putkien erist\u00e4minen. Projektin on m\u00e4\u00e4r\u00e4 alkaa tammikuussa 2025, ja t\u00f6iden odotetaan valmistuvan saman vuoden kes\u00e4\u00e4n menness\u00e4.<\/p>\n\n\n\n<p>Thermion AB ty\u00f6skentelee aktiivisesti energians\u00e4\u00e4st\u00f6ratkaisujen parissa, ja t\u00e4m\u00e4 hanke tarjoaa meille mahdollisuuden v\u00e4hent\u00e4\u00e4 loppuasiakkaan energiankulutusta ja edist\u00e4\u00e4 ilmastoty\u00f6t\u00e4 laadullisin toimin. Olemme ylpeit\u00e4 Andritz Oy:n luottamuksesta ja odotamme hedelm\u00e4llist\u00e4 yhteisty\u00f6t\u00e4.<\/p>\n\n\n\n<p>Jos sinulla on kysytt\u00e4v\u00e4\u00e4, ota yhteytt\u00e4 Peter Ericssoniin numerossa (+46) 0730-656812.<\/p>","protected":false},"excerpt":{"rendered":"<p>Thermion AB har tilldelats ett omfattande kontrakt av Andritz Oy f\u00f6r att utf\u00f6ra isolerings- och st\u00e4llningsarbeten i samband med Mondi Dyn\u00e4s stora investering utanf\u00f6r Kramfors. Uppdraget omfattar isolering av den nya barkpannan samt tillh\u00f6rande kanalsystem, utrustning, filter och r\u00f6r. Projektstart \u00e4r planerad till januari 2025, och arbetet ber\u00e4knas vara slutf\u00f6rt till sommaren samma \u00e5r. Thermion [&hellip;]<\/p>\n","protected":false},"author":1,"featured_media":5910,"comment_status":"closed","ping_status":"closed","sticky":false,"template":"","format":"standard","meta":{"_acf_changed":false,"content-type":"","slim_seo":{"title":"Thermion AB voitti suuren eristys- ja telineurakan Andritz Oy:lt\u00e4 - Thermion AB:lle - Thermion","description":"Thermion AB on saanut Andritz Oy:lt\u00e4 merkitt\u00e4v\u00e4n sopimuksen eristys- ja telineurakoista, jotka liittyv\u00e4t Mondi Dyn\u00e4sin suuriin investointeihin Mondi Dyn\u00e4siss\u00e4."},"footnotes":""},"categories":[1],"tags":[],"class_list":["post-5908","post","type-post","status-publish","format-standard","has-post-thumbnail","hentry","category-nyheter"],"acf":[],"_links":{"self":[{"href":"https:\/\/thermion.se\/fi\/wp-json\/wp\/v2\/posts\/5908","targetHints":{"allow":["GET"]}}],"collection":[{"href":"https:\/\/thermion.se\/fi\/wp-json\/wp\/v2\/posts"}],"about":[{"href":"https:\/\/thermion.se\/fi\/wp-json\/wp\/v2\/types\/post"}],"author":[{"embeddable":true,"href":"https:\/\/thermion.se\/fi\/wp-json\/wp\/v2\/users\/1"}],"replies":[{"embeddable":true,"href":"https:\/\/thermion.se\/fi\/wp-json\/wp\/v2\/comments?post=5908"}],"version-history":[{"count":0,"href":"https:\/\/thermion.se\/fi\/wp-json\/wp\/v2\/posts\/5908\/revisions"}],"wp:featuredmedia":[{"embeddable":true,"href":"https:\/\/thermion.se\/fi\/wp-json\/wp\/v2\/media\/5910"}],"wp:attachment":[{"href":"https:\/\/thermion.se\/fi\/wp-json\/wp\/v2\/media?parent=5908"}],"wp:term":[{"taxonomy":"category","embeddable":true,"href":"https:\/\/thermion.se\/fi\/wp-json\/wp\/v2\/categories?post=5908"},{"taxonomy":"post_tag","embeddable":true,"href":"https:\/\/thermion.se\/fi\/wp-json\/wp\/v2\/tags?post=5908"}],"curies":[{"name":"wp","href":"https:\/\/api.w.org\/{rel}","templated":true}]}}