{"id":6188,"date":"2025-10-07T13:23:24","date_gmt":"2025-10-07T11:23:24","guid":{"rendered":"https:\/\/thermion.se\/?p=6188"},"modified":"2025-10-07T13:25:13","modified_gmt":"2025-10-07T11:25:13","slug":"ragnar-thulin-blir-ny-vd-for-thermion","status":"publish","type":"post","link":"https:\/\/thermion.se\/en\/ragnar-thulin-blir-ny-vd-for-thermion\/","title":{"rendered":"Ragnar Thulin becomes new CEO of Thermion"},"content":{"rendered":"<p>Thermion has appointed Ragnar Thulin as new CEO, effective January 2026.<\/p>\n\n\n\n<p>Ragnar has extensive experience in leading technology, installation and service companies. He joins us from Instalco, where he was Business Area Manager, and has previously held senior roles at Prosero Security Group, AVARN Security and Deloitte.<\/p>\n\n\n\n<p>-&nbsp;<em>I look forward to leading Thermion forward together with our employees and continuing to contribute to energy efficient and sustainable solutions for our customers,<\/em>&nbsp;says Ragnar Thulin.<\/p>\n\n\n\n<p>-&nbsp;<em>Ragnar's experience and leadership make him the right person to take Thermion into the next phase,<\/em>&nbsp;says Peter Revay, Chairman of the Board of Thermion.<\/p>\n\n\n\n<p><strong>Thermion<\/strong>&nbsp;is a leading service and contracting company in the energy, industrial and construction sectors. We deliver total solutions that reduce energy consumption and contribute to a more sustainable future.<\/p>\n\n\n\n<p>For questions, please contact:<\/p>\n\n\n\n<p><a href=\"mailto:peter.revay@mimirinvest.com\">peter.revay@mimirinvest.com<\/a><\/p>\n\n\n\n<p><\/p>","protected":false},"excerpt":{"rendered":"<p>Thermion har utsett&nbsp;Ragnar Thulin&nbsp;till ny vd med tilltr\u00e4de i januari 2026. Ragnar har omfattande erfarenhet av att leda teknik-, installations- och tj\u00e4nstef\u00f6retag. Han kommer n\u00e4rmast fr\u00e5n&nbsp;Instalco, d\u00e4r han varit aff\u00e4rsomr\u00e5deschef, och har tidigare haft ledande roller p\u00e5&nbsp;Prosero Security Group,&nbsp;AVARN Security&nbsp;och&nbsp;Deloitte. \u2013&nbsp;Jag ser fram emot att leda Thermion vidare tillsammans med v\u00e5ra medarbetare och forts\u00e4tta bidra [&hellip;]<\/p>\n","protected":false},"author":8,"featured_media":0,"comment_status":"closed","ping_status":"closed","sticky":false,"template":"","format":"standard","meta":{"_acf_changed":false,"content-type":"","slim_seo":{"title":"Ragnar Thulin becomes new CEO of Thermion - Thermion","description":"Thermion has appointed Ragnar Thulin as its new CEO, effective January 2026. Ragnar has extensive experience in leading engineering, installation and service organisations."},"footnotes":""},"categories":[1],"tags":[],"class_list":["post-6188","post","type-post","status-publish","format-standard","hentry","category-nyheter"],"acf":[],"_links":{"self":[{"href":"https:\/\/thermion.se\/en\/wp-json\/wp\/v2\/posts\/6188","targetHints":{"allow":["GET"]}}],"collection":[{"href":"https:\/\/thermion.se\/en\/wp-json\/wp\/v2\/posts"}],"about":[{"href":"https:\/\/thermion.se\/en\/wp-json\/wp\/v2\/types\/post"}],"author":[{"embeddable":true,"href":"https:\/\/thermion.se\/en\/wp-json\/wp\/v2\/users\/8"}],"replies":[{"embeddable":true,"href":"https:\/\/thermion.se\/en\/wp-json\/wp\/v2\/comments?post=6188"}],"version-history":[{"count":1,"href":"https:\/\/thermion.se\/en\/wp-json\/wp\/v2\/posts\/6188\/revisions"}],"predecessor-version":[{"id":6190,"href":"https:\/\/thermion.se\/en\/wp-json\/wp\/v2\/posts\/6188\/revisions\/6190"}],"wp:attachment":[{"href":"https:\/\/thermion.se\/en\/wp-json\/wp\/v2\/media?parent=6188"}],"wp:term":[{"taxonomy":"category","embeddable":true,"href":"https:\/\/thermion.se\/en\/wp-json\/wp\/v2\/categories?post=6188"},{"taxonomy":"post_tag","embeddable":true,"href":"https:\/\/thermion.se\/en\/wp-json\/wp\/v2\/tags?post=6188"}],"curies":[{"name":"wp","href":"https:\/\/api.w.org\/{rel}","templated":true}]}}